{"id":5674,"date":"2026-09-02T02:12:14","date_gmt":"2026-09-02T02:12:14","guid":{"rendered":"https:\/\/www.gimrecreo.edu.co\/?p=5674"},"modified":"2026-09-02T02:13:49","modified_gmt":"2026-09-02T02:13:49","slug":"jornada-deportiva-preescolar","status":"publish","type":"post","link":"https:\/\/www.gimrecreo.edu.co\/?p=5674","title":{"rendered":"JORNADA DEPORTIVA PREESCOLAR"},"content":{"rendered":"<p>[et_pb_section fb_built=\u00bb1&#8243; _builder_version=\u00bb4.16&#8243; min_height=\u00bb692.6px\u00bb da_disable_devices=\u00bboff|off|off\u00bb global_colors_info=\u00bb{}\u00bb da_is_popup=\u00bboff\u00bb da_exit_intent=\u00bboff\u00bb da_has_close=\u00bbon\u00bb da_alt_close=\u00bboff\u00bb da_dark_close=\u00bboff\u00bb da_not_modal=\u00bbon\u00bb da_is_singular=\u00bboff\u00bb da_with_loader=\u00bboff\u00bb da_has_shadow=\u00bbon\u00bb][et_pb_row _builder_version=\u00bb4.16&#8243; background_size=\u00bbinitial\u00bb background_position=\u00bbtop_left\u00bb background_repeat=\u00bbrepeat\u00bb custom_padding=\u00bb0px|||||\u00bb global_colors_info=\u00bb{}\u00bb][et_pb_column type=\u00bb4_4&#8243; _builder_version=\u00bb4.16&#8243; custom_padding=\u00bb|||\u00bb global_colors_info=\u00bb{}\u00bb custom_padding__hover=\u00bb|||\u00bb][et_pb_text admin_label=\u00bbAUDIOVISUALES \u00bb _builder_version=\u00bb4.17.3&#8243; header_font=\u00bbAbhaya Libre||||||||\u00bb background_size=\u00bbinitial\u00bb background_position=\u00bbtop_left\u00bb background_repeat=\u00bbrepeat\u00bb min_height=\u00bb143.8px\u00bb custom_margin=\u00bb-26px|||||\u00bb custom_padding=\u00bb0px|||||\u00bb hover_enabled=\u00bb0&#8243; global_colors_info=\u00bb{}\u00bb sticky_enabled=\u00bb0&#8243;]<\/p>\n<p>En el <strong>Gimnasio El Recreo<\/strong> celebramos el deporte como una oportunidad para crecer, compartir y aprender. Cada juego fortalece el cuerpo, desarrolla la mente y llena el coraz\u00f3n de alegr\u00eda. \ud83d\udc9b\ud83d\udc99\u2764\ufe0f<\/p>\n<p>\ud83c\udf1f Nuestros peque\u00f1os recre\u00edstas vivieron una jornada llena de trabajo en equipo, respeto, compa\u00f1erismo y mucha diversi\u00f3n.<\/p>\n<p>\ud83d\udc4f \u00a1Gracias a las familias y docentes que hicieron posible esta experiencia que forma valores y potencia el desarrollo integral de nuestros ni\u00f1os!<\/p>\n<p>__________________<\/p>\n<p>\ud83c\udfc3\u200d\u2640\ufe0f\u2728 Preschool Sports Program 2026 At <strong>Gimnasio El Recreo<\/strong>, we celebrate sports as an opportunity to grow, share, and learn. Every game strengthens the body, develops the mind, and fills the heart with joy. \ud83d\udc9b\ud83d\udc99\u2764\ufe0f<\/p>\n<p>\ud83c\udf1f Our little Recre\u00edstas enjoyed a week full of teamwork, respect, friendship, and lots of fun.<\/p>\n<p>#GimnasioElRecreo #ColegiosMonteria #ColegiosPrivadosMonteria #ColegiosBiling\u00fcesMonteria #Deportes<\/p>\n<p>[\/et_pb_text][et_pb_gallery gallery_ids=\u00bb5676,5677,5678,5679&#8243; fullwidth=\u00bbon\u00bb _builder_version=\u00bb4.17.3&#8243; _module_preset=\u00bbdefault\u00bb width=\u00bb69%\u00bb max_width=\u00bb70%\u00bb module_alignment=\u00bbcenter\u00bb hover_enabled=\u00bb0&#8243; border_radii=\u00bbon|20px|20px|20px|20px\u00bb global_colors_info=\u00bb{}\u00bb sticky_enabled=\u00bb0&#8243;][\/et_pb_gallery][\/et_pb_column][\/et_pb_row][\/et_pb_section]<\/p>\n","protected":false},"excerpt":{"rendered":"<p>En el Gimnasio El Recreo celebramos el deporte como una oportunidad para crecer, compartir y aprender. Cada juego fortalece el cuerpo, desarrolla la mente y llena el coraz\u00f3n de alegr\u00eda. \ud83d\udc9b\ud83d\udc99\u2764\ufe0f \ud83c\udf1f Nuestros peque\u00f1os recre\u00edstas vivieron una jornada llena de trabajo en equipo, respeto, compa\u00f1erismo y mucha diversi\u00f3n. \ud83d\udc4f \u00a1Gracias a las familias y docentes [&hellip;]<\/p>\n","protected":false},"author":5,"featured_media":5675,"comment_status":"closed","ping_status":"closed","sticky":false,"template":"","format":"standard","meta":{"_et_pb_use_builder":"on","_et_pb_old_content":"<!-- wp:paragraph -->\n<p>De una manera divertida los ni\u00f1os de preescolar cada jueves, viven experiencias significativas que le permite el desarrollo del pensamiento matem\u00e1tico:<\/p>\n<!-- \/wp:paragraph -->\n\n<!-- wp:list -->\n<ul><li>El sentido del n\u00famero.<\/li><li>La ubicaci\u00f3n espacial.<\/li><li>La identificaci\u00f3n de figuras y cuerpos geom\u00e9tricos.<\/li><li>Medidas y magnitudes.<\/li><\/ul>\n<!-- \/wp:list -->\n\n<!-- wp:paragraph -->\n<p>Considerando que esta es la etapa m\u00e1s importante para formar los cimientos del aprendizaje.<\/p>\n<!-- \/wp:paragraph -->","_et_gb_content_width":"","_joinchat":[],"footnotes":""},"categories":[4],"tags":[],"class_list":["post-5674","post","type-post","status-publish","format-standard","has-post-thumbnail","hentry","category-noticias"],"_links":{"self":[{"href":"https:\/\/www.gimrecreo.edu.co\/index.php?rest_route=\/wp\/v2\/posts\/5674","targetHints":{"allow":["GET"]}}],"collection":[{"href":"https:\/\/www.gimrecreo.edu.co\/index.php?rest_route=\/wp\/v2\/posts"}],"about":[{"href":"https:\/\/www.gimrecreo.edu.co\/index.php?rest_route=\/wp\/v2\/types\/post"}],"author":[{"embeddable":true,"href":"https:\/\/www.gimrecreo.edu.co\/index.php?rest_route=\/wp\/v2\/users\/5"}],"replies":[{"embeddable":true,"href":"https:\/\/www.gimrecreo.edu.co\/index.php?rest_route=%2Fwp%2Fv2%2Fcomments&post=5674"}],"version-history":[{"count":2,"href":"https:\/\/www.gimrecreo.edu.co\/index.php?rest_route=\/wp\/v2\/posts\/5674\/revisions"}],"predecessor-version":[{"id":5681,"href":"https:\/\/www.gimrecreo.edu.co\/index.php?rest_route=\/wp\/v2\/posts\/5674\/revisions\/5681"}],"wp:featuredmedia":[{"embeddable":true,"href":"https:\/\/www.gimrecreo.edu.co\/index.php?rest_route=\/wp\/v2\/media\/5675"}],"wp:attachment":[{"href":"https:\/\/www.gimrecreo.edu.co\/index.php?rest_route=%2Fwp%2Fv2%2Fmedia&parent=5674"}],"wp:term":[{"taxonomy":"category","embeddable":true,"href":"https:\/\/www.gimrecreo.edu.co\/index.php?rest_route=%2Fwp%2Fv2%2Fcategories&post=5674"},{"taxonomy":"post_tag","embeddable":true,"href":"https:\/\/www.gimrecreo.edu.co\/index.php?rest_route=%2Fwp%2Fv2%2Ftags&post=5674"}],"curies":[{"name":"wp","href":"https:\/\/api.w.org\/{rel}","templated":true}]}}